{"id":51,"date":"2026-03-07T23:39:13","date_gmt":"2026-03-07T22:39:13","guid":{"rendered":"https:\/\/linux-rhein-kreis-neuss.de\/cms\/?p=51"},"modified":"2026-03-24T22:28:41","modified_gmt":"2026-03-24T21:28:41","slug":"team","status":"publish","type":"post","link":"https:\/\/linux-rhein-kreis-neuss.de\/cms\/team\/","title":{"rendered":"Das Team"},"content":{"rendered":"\n<p>Organisiert hat sich der Initiativkreis im Sommer 2025, um im Rhein-Kreis Neuss die nachhaltige Nutzung digitaler Technik zu f\u00f6rdern.<\/p>\n\n\n\n<p>Zum Team des Initiativkreises geh\u00f6ren langj\u00e4hrig ehrenamtlich engagierte Computerverr\u00fcckte, die im Rhein Kreis Neuss leben und den Wahlspruch \u201eOpen Minds, Open Source, Open Future\u201c leben und f\u00f6rdern.<\/p>\n\n\n\n<div class=\"wp-block-media-text has-media-on-the-right is-stacked-on-mobile is-vertically-aligned-top has-background\" style=\"border-style:none;border-width:0px;border-radius:0px;background-color:#ffc73c;margin-top:var(--wp--preset--spacing--10);margin-right:var(--wp--preset--spacing--10);margin-bottom:var(--wp--preset--spacing--10);margin-left:var(--wp--preset--spacing--10);padding-top:var(--wp--preset--spacing--10);padding-right:var(--wp--preset--spacing--10);padding-bottom:var(--wp--preset--spacing--10);padding-left:var(--wp--preset--spacing--10);grid-template-columns:auto 21%\"><div class=\"wp-block-media-text__content\">\n<p class=\"has-small-font-size\"><strong>Hanjo<\/strong> ist der f\u00fchrende Kopf der 2004 gegr\u00fcndeten Kaarster Linux Usergroup und ist u.a. ein Erkl\u00e4rb\u00e4r, Systemadmin und Bit &amp; Byte Qu\u00e4ler.<\/p>\n\n\n\n<p class=\"has-medium-font-size\">Hanjo \u00fcber sich:<\/p>\n\n\n\n<p class=\"has-small-font-size\"><em>Ich konnte mein Hobby und meinen Bit und Byte Rock im beruflichen Umfeld und als Unternehmer in unterschiedlichen Branchen und Funktionen ausleben.<\/em><\/p>\n\n\n\n<p class=\"has-small-font-size\"><em>Wenn man seit den 80igern mit der Brotkiste, PCDOS 1.0, MS-DOS 1.x und anderen Bits &amp; Bytes Technologien aufgewachsen ist, bleibt man i.d.R. infiziert.<\/em><\/p>\n\n\n\n<p class=\"has-small-font-size\"><em>Mit dieser weiterentwickelten Infizierung \ud83d\ude09 engagierte ich mich, um die Corona-Folgen auf die KMUs in NRW zu lindern.<\/em><\/p>\n\n\n\n<p class=\"has-small-font-size\"><em>Verantwortlich war ich im M\u00e4rz 2020 f\u00fcr den Betrieb der <a href=\"https:\/\/www.it.nrw\/landesbetrieb-information-und-technik-nordrhein-westfalen\" target=\"_blank\" rel=\"noreferrer noopener\">IT.NRW<\/a> Formularserver-Middleware. Im Rahmen dieser Funktion verantwortete ich u.a. den st\u00f6rungsfreien 24\/7 Betrieb der <a href=\"https:\/\/web.archive.org\/web\/*\/soforthilfe-corona.nrw.de\" target=\"_blank\" rel=\"noreferrer noopener\">NRW-Soforthilfe<\/a>.<\/em><\/p>\n\n\n\n<p><em>In diesem Sinne herzlichst Ihr<\/em><\/p>\n\n\n\n<figure class=\"wp-block-image size-full is-resized\"><img loading=\"lazy\" decoding=\"async\" width=\"161\" height=\"161\" src=\"https:\/\/linux-rhein-kreis-neuss.de\/cms\/wp-content\/uploads\/2025\/09\/hanjo.schriftzug.161x161px.png\" alt=\"\" class=\"wp-image-659\" style=\"width:79px;height:auto\" srcset=\"https:\/\/linux-rhein-kreis-neuss.de\/cms\/wp-content\/uploads\/2025\/09\/hanjo.schriftzug.161x161px.png 161w, https:\/\/linux-rhein-kreis-neuss.de\/cms\/wp-content\/uploads\/2025\/09\/hanjo.schriftzug.161x161px-150x150.png 150w\" sizes=\"auto, (max-width: 161px) 100vw, 161px\" \/><\/figure>\n\n\n\n<ul class=\"wp-block-list\">\n<li><a href=\"https:\/\/mastodon.social\/@HanjoLix\" target=\"_blank\" rel=\"noreferrer noopener\">https:\/\/mastodon.social\/@HanjoLix<\/a><\/li>\n\n\n\n<li><a href=\"https:\/\/loeben.net\/blog\" target=\"_blank\" rel=\"noreferrer noopener\">https:\/\/loeben.net\/blog<\/a><\/li>\n<\/ul>\n<\/div><figure class=\"wp-block-media-text__media\"><img loading=\"lazy\" decoding=\"async\" width=\"119\" height=\"134\" src=\"https:\/\/linux-rhein-kreis-neuss.de\/cms\/wp-content\/uploads\/2025\/07\/6687892-HanjoLix.jpg\" alt=\"\" class=\"wp-image-71 size-full\"\/><\/figure><\/div>\n\n\n\n<div class=\"wp-block-media-text has-media-on-the-right is-stacked-on-mobile is-vertically-aligned-top has-background\" style=\"border-style:none;border-width:0px;border-radius:0px;background-color:#ffc73c;margin-top:var(--wp--preset--spacing--10);margin-right:var(--wp--preset--spacing--10);margin-bottom:var(--wp--preset--spacing--10);margin-left:var(--wp--preset--spacing--10);padding-top:var(--wp--preset--spacing--10);padding-right:var(--wp--preset--spacing--10);padding-bottom:var(--wp--preset--spacing--10);padding-left:var(--wp--preset--spacing--10);grid-template-columns:auto 21%\"><div class=\"wp-block-media-text__content\">\n<p class=\"has-small-font-size\"><strong>Dr.Tux<\/strong> ist ein Urgestein der KaaLUG und engagiert sich u.a. auch als KaaLUG Sysadmin, Webmaster und Forenmoderator.<\/p>\n\n\n\n<p class=\"has-medium-font-size\">Dr.Tux \u00fcber sich:<\/p>\n\n\n\n<p class=\"has-small-font-size\"><em>Als ein Chronist zivil gesellschaftlichen Engagements liegt mein Schwerpunkt im Medienbereich (Text, Foto, Audio und gelegentlich Video).<\/em><\/p>\n\n\n\n<p class=\"has-small-font-size\"><em>In der zum Milleniumswechsel begonnenen Anwender-Rolle sehe ich mich als \u201eLinux-Praktiker\u201c.<\/em><\/p>\n\n\n\n<p class=\"has-small-font-size\"><em>\u00dcber verschiedene Linux-Distributionen hinweg f\u00fchrte mich der Weg gegen 2008 zur Debian-Familie, wo ich mich seitdem am wohlsten f\u00fchle \u2013 aber dennoch mit gro\u00dfem Interesse verfolge, was sich bei den anderen Projekten so tut.<\/em><\/p>\n\n\n\n<p class=\"has-small-font-size\"><em>Ich installiere und pflege meine bewusst einfach gehaltenen Systeme stets selber, so dass ich im st\u00e4ndigen Lernprozess verbleibe. \u00c4hnlich puristisch schreibe ich den Quelltext meiner Internetauftritte mit einem Texteditor von Hand.<\/em><\/p>\n\n\n\n<p class=\"has-small-font-size\"><em>Meine fotografische Heimat liegt urspr\u00fcnglich in der klassischen schwarzwei\u00dfen Fine Art-Fotografie.<\/em><\/p>\n\n\n\n<p class=\"has-small-font-size\"><em>Als einer der \u201edienst\u00e4ltesten\u201c Mitglieder der KaaLUG spreche ich immer wieder Linux-Themen im Forum an und teile mir mit Hanjo die Server-Administration.<\/em><\/p>\n\n\n\n<p class=\"has-small-font-size\"><em>Zum Ausgleich fahre und repariere ich als waschechter \u201e\u00d6ko\u201c meine Oldtimer-Fahrr\u00e4der mit gro\u00dfer Leidenschaft.<\/em><\/p>\n\n\n\n<p>Pers\u00f6nliches Motto:<\/p>\n\n\n\n<p class=\"has-small-font-size\"><em>&#8222;Selbst ein Huhn kann Debian installieren &#8211; wenn du nur genug K\u00f6rner auf die [ENTER]-Taste legst.&#8220;<\/em><\/p>\n\n\n\n<ul class=\"wp-block-list\">\n<li>h<a href=\"http:\/\/www.linux-praktiker.de\/\" target=\"_blank\" rel=\"noreferrer noopener\">ttp:\/\/www.linux-praktiker.de<\/a><\/li>\n\n\n\n<li><a href=\"http:\/\/www.mutbuergerdokus.de\/\" target=\"_blank\" rel=\"noreferrer noopener\">http:\/\/www.mutbuergerdokus.de<\/a><\/li>\n\n\n\n<li><a href=\"http:\/\/www.zonesystem.de\/\" target=\"_blank\" rel=\"noreferrer noopener\">http:\/\/www.zonesystem.de<\/a><\/li>\n<\/ul>\n<\/div><figure class=\"wp-block-media-text__media\"><img loading=\"lazy\" decoding=\"async\" width=\"750\" height=\"651\" src=\"https:\/\/linux-rhein-kreis-neuss.de\/cms\/wp-content\/uploads\/2025\/09\/dr.tux-750x651-1.jpg\" alt=\"\" class=\"wp-image-660 size-full\" srcset=\"https:\/\/linux-rhein-kreis-neuss.de\/cms\/wp-content\/uploads\/2025\/09\/dr.tux-750x651-1.jpg 750w, https:\/\/linux-rhein-kreis-neuss.de\/cms\/wp-content\/uploads\/2025\/09\/dr.tux-750x651-1-300x260.jpg 300w\" sizes=\"auto, (max-width: 750px) 100vw, 750px\" \/><\/figure><\/div>\n\n\n\n<div class=\"wp-block-media-text has-media-on-the-right is-stacked-on-mobile is-vertically-aligned-top has-background\" style=\"border-style:none;border-width:0px;border-radius:0px;background-color:#ffc73c;margin-top:var(--wp--preset--spacing--10);margin-right:var(--wp--preset--spacing--10);margin-bottom:var(--wp--preset--spacing--10);margin-left:var(--wp--preset--spacing--10);padding-top:var(--wp--preset--spacing--10);padding-right:var(--wp--preset--spacing--10);padding-bottom:var(--wp--preset--spacing--10);padding-left:var(--wp--preset--spacing--10);grid-template-columns:auto 20%\"><div class=\"wp-block-media-text__content\">\n<p class=\"has-small-font-size\"><strong>Hardy<\/strong> engagiert sich seit Oktober 2024 bei der KaaLUG.<\/p>\n\n\n\n<p class=\"has-medium-font-size\">Hardy \u00fcber sich:<\/p>\n\n\n\n<p class=\"has-small-font-size\"><em>Nach Beendigung der beruflichen T\u00e4tigkeit im Bereich Automatisierungstechnik mit Schwerpunkt Messtechnik seit Herbst 2024 verst\u00e4rktes ehrenamtliches Engagement zum Thema Erneuerbare Energien, speziell Energiegenossenschaften.<\/em><\/p>\n\n\n\n<p class=\"has-small-font-size\"><em>Erste Linux-Installationen in den 90er Jahren (eher experimentell, SUSE), seit \u00fcber 20 Jahren privat zufrieden mit Linux; lange Zeit Ubuntu, aktuell Mint.<\/em><\/p>\n\n\n\n<p class=\"has-small-font-size\"><em>Nun soll ein n\u00e4herer Blick &#8222;unter die Haube&#8220; der Computer geworfen werden, insbesondere in das Betriebssystem.<\/em><\/p>\n\n\n\n<p class=\"has-small-font-size\"><em>Nachdem eigene Kenntnisse aufgefrischt und vertieft wurden, m\u00f6chte ich dabei helfen, Mitmenschen im privaten und \u00f6ffentlichen Bereich zu ermutigen, die Werte von quelloffener Software zu erkennen und zu nutzen.<\/em><\/p>\n<\/div><figure class=\"wp-block-media-text__media\"><img loading=\"lazy\" decoding=\"async\" width=\"674\" height=\"1024\" src=\"https:\/\/linux-rhein-kreis-neuss.de\/cms\/wp-content\/uploads\/2025\/07\/Hardy-Schmitz-674x1024.jpg\" alt=\"\" class=\"wp-image-292 size-full\" srcset=\"https:\/\/linux-rhein-kreis-neuss.de\/cms\/wp-content\/uploads\/2025\/07\/Hardy-Schmitz-674x1024.jpg 674w, https:\/\/linux-rhein-kreis-neuss.de\/cms\/wp-content\/uploads\/2025\/07\/Hardy-Schmitz-198x300.jpg 198w, https:\/\/linux-rhein-kreis-neuss.de\/cms\/wp-content\/uploads\/2025\/07\/Hardy-Schmitz-768x1166.jpg 768w, https:\/\/linux-rhein-kreis-neuss.de\/cms\/wp-content\/uploads\/2025\/07\/Hardy-Schmitz-1011x1536.jpg 1011w, https:\/\/linux-rhein-kreis-neuss.de\/cms\/wp-content\/uploads\/2025\/07\/Hardy-Schmitz-1349x2048.jpg 1349w, https:\/\/linux-rhein-kreis-neuss.de\/cms\/wp-content\/uploads\/2025\/07\/Hardy-Schmitz-scaled.jpg 1686w\" sizes=\"auto, (max-width: 674px) 100vw, 674px\" \/><\/figure><\/div>\n\n\n\n<div class=\"wp-block-media-text has-media-on-the-right is-stacked-on-mobile is-vertically-aligned-top has-background\" style=\"border-style:none;border-width:0px;border-radius:0px;background-color:#ffc73c;margin-top:var(--wp--preset--spacing--10);margin-right:var(--wp--preset--spacing--10);margin-bottom:var(--wp--preset--spacing--10);margin-left:var(--wp--preset--spacing--10);padding-top:var(--wp--preset--spacing--10);padding-right:var(--wp--preset--spacing--10);padding-bottom:var(--wp--preset--spacing--10);padding-left:var(--wp--preset--spacing--10);grid-template-columns:auto 20%\"><div class=\"wp-block-media-text__content\">\n<p class=\"has-small-font-size\"><strong>FiMi<\/strong> hat uns w\u00e4hrend der Vorbereitungen des Linux Presentation Day mit einem Linux-Mint Betrieb auf einem MacBook Pro \u00fcberzeugt.<\/p>\n\n\n\n<p>FiMi \u00fcber sich:<\/p>\n\n\n\n<p class=\"has-small-font-size\"><em>Nach \u00fcber 40 spannenden Jahren in der IT-Branche ist mir die gemeinsame Freizeit mit meiner Frau sehr wichtig.<\/em><\/p>\n\n\n\n<p class=\"has-small-font-size\"><em>Gleichwohl freue ich mich \u00fcber die M\u00f6glichkeit, meine Erfahrung gelegentlich weiterzugeben.<\/em><\/p>\n\n\n\n<p class=\"has-small-font-size\"><em>Obwohl neue Hardware f\u00fcr mich ihren Reiz hat, bin ich bestrebt, auch \u00e4ltere Hardware funktionsf\u00e4hig zu erhalten.<\/em><\/p>\n\n\n\n<p class=\"has-small-font-size\"><em>Seit 2025 helfe ich beim Repair Caf\u00e9 Meerbusch Menschen bei der Umstellung ihrer Rechner auf Linux und berate bei PC-Problemen beim e-Doctor Meerbusch.<\/em><\/p>\n\n\n\n<p class=\"has-small-font-size\"><em>Herzlichst ihr MacBook Pro Alternativist<\/em><\/p>\n\n\n\n<ul class=\"wp-block-list\">\n<li><a href=\"https:\/\/fischer-meerbusch.de\/\" target=\"_blank\" rel=\"noreferrer noopener\">https:\/\/fischer-meerbusch.de<\/a><\/li>\n<\/ul>\n<\/div><figure class=\"wp-block-media-text__media\"><img loading=\"lazy\" decoding=\"async\" width=\"382\" height=\"550\" src=\"https:\/\/linux-rhein-kreis-neuss.de\/cms\/wp-content\/uploads\/2025\/07\/Michael.png\" alt=\"\" class=\"wp-image-187 size-full\" srcset=\"https:\/\/linux-rhein-kreis-neuss.de\/cms\/wp-content\/uploads\/2025\/07\/Michael.png 382w, https:\/\/linux-rhein-kreis-neuss.de\/cms\/wp-content\/uploads\/2025\/07\/Michael-208x300.png 208w\" sizes=\"auto, (max-width: 382px) 100vw, 382px\" \/><\/figure><\/div>\n","protected":false},"excerpt":{"rendered":"<p>Organisiert hat sich der Initiativkreis im Sommer 2025, um im Rhein-Kreis Neuss die nachhaltige Nutzung digitaler Technik zu f\u00f6rdern. Zum Team des Initiativkreises geh\u00f6ren langj\u00e4hrig ehrenamtlich engagierte Computerverr\u00fcckte, die im Rhein Kreis Neuss leben und den Wahlspruch \u201eOpen Minds, Open Source, Open Future\u201c leben und f\u00f6rdern. Hardy engagiert sich seit Oktober 2024 bei der KaaLUG. [&hellip;]<\/p>\n","protected":false},"author":4,"featured_media":0,"comment_status":"open","ping_status":"open","sticky":false,"template":"","format":"standard","meta":{"footnotes":""},"categories":[35],"tags":[53,19,27,8,55,6,20,28,3,25,54,26,37],"class_list":["post-51","post","type-post","status-publish","format-standard","hentry","category-initiativkreis","tag-aef","tag-albert-einstein-forum","tag-cfn","tag-computerfreunde-niederrhein","tag-initiativkreises-linux-rhein-kreis-neuss","tag-kaalug","tag-kaarst","tag-kaarster-linux-usergroup","tag-linux","tag-linux-rhein-kreis-neuss","tag-mfr","tag-neuss","tag-team-des-initiativkreises-linux-rhein-kreis-neuss"],"_links":{"self":[{"href":"https:\/\/linux-rhein-kreis-neuss.de\/cms\/wp-json\/wp\/v2\/posts\/51","targetHints":{"allow":["GET"]}}],"collection":[{"href":"https:\/\/linux-rhein-kreis-neuss.de\/cms\/wp-json\/wp\/v2\/posts"}],"about":[{"href":"https:\/\/linux-rhein-kreis-neuss.de\/cms\/wp-json\/wp\/v2\/types\/post"}],"author":[{"embeddable":true,"href":"https:\/\/linux-rhein-kreis-neuss.de\/cms\/wp-json\/wp\/v2\/users\/4"}],"replies":[{"embeddable":true,"href":"https:\/\/linux-rhein-kreis-neuss.de\/cms\/wp-json\/wp\/v2\/comments?post=51"}],"version-history":[{"count":55,"href":"https:\/\/linux-rhein-kreis-neuss.de\/cms\/wp-json\/wp\/v2\/posts\/51\/revisions"}],"predecessor-version":[{"id":805,"href":"https:\/\/linux-rhein-kreis-neuss.de\/cms\/wp-json\/wp\/v2\/posts\/51\/revisions\/805"}],"wp:attachment":[{"href":"https:\/\/linux-rhein-kreis-neuss.de\/cms\/wp-json\/wp\/v2\/media?parent=51"}],"wp:term":[{"taxonomy":"category","embeddable":true,"href":"https:\/\/linux-rhein-kreis-neuss.de\/cms\/wp-json\/wp\/v2\/categories?post=51"},{"taxonomy":"post_tag","embeddable":true,"href":"https:\/\/linux-rhein-kreis-neuss.de\/cms\/wp-json\/wp\/v2\/tags?post=51"}],"curies":[{"name":"wp","href":"https:\/\/api.w.org\/{rel}","templated":true}]}}