{"id":385,"date":"2025-02-10T22:00:00","date_gmt":"2025-02-10T21:00:00","guid":{"rendered":"https:\/\/linux-rhein-kreis-neuss.de\/cms\/?p=385"},"modified":"2025-08-25T14:23:55","modified_gmt":"2025-08-25T12:23:55","slug":"pressemappe","status":"publish","type":"post","link":"https:\/\/linux-rhein-kreis-neuss.de\/cms\/pressemappe\/","title":{"rendered":"Der LRKN in den Medien"},"content":{"rendered":"<div id=\"ez-toc-container\" class=\"ez-toc-v2_0_82_2 counter-hierarchy ez-toc-counter ez-toc-light-blue ez-toc-container-direction\">\n<div class=\"ez-toc-title-container\">\n<p class=\"ez-toc-title ez-toc-toggle\" style=\"cursor:pointer\">Inhalt<\/p>\n<span class=\"ez-toc-title-toggle\"><a href=\"#\" class=\"ez-toc-pull-right ez-toc-btn ez-toc-btn-xs ez-toc-btn-default ez-toc-toggle\" aria-label=\"Toggle Table of Content\"><span class=\"ez-toc-js-icon-con\"><span class=\"\"><span class=\"eztoc-hide\" style=\"display:none;\">Toggle<\/span><span class=\"ez-toc-icon-toggle-span\"><svg style=\"fill: #999;color:#999\" xmlns=\"http:\/\/www.w3.org\/2000\/svg\" class=\"list-377408\" width=\"20px\" height=\"20px\" viewBox=\"0 0 24 24\" fill=\"none\"><path d=\"M6 6H4v2h2V6zm14 0H8v2h12V6zM4 11h2v2H4v-2zm16 0H8v2h12v-2zM4 16h2v2H4v-2zm16 0H8v2h12v-2z\" fill=\"currentColor\"><\/path><\/svg><svg style=\"fill: #999;color:#999\" class=\"arrow-unsorted-368013\" xmlns=\"http:\/\/www.w3.org\/2000\/svg\" width=\"10px\" height=\"10px\" viewBox=\"0 0 24 24\" version=\"1.2\" baseProfile=\"tiny\"><path d=\"M18.2 9.3l-6.2-6.3-6.2 6.3c-.2.2-.3.4-.3.7s.1.5.3.7c.2.2.4.3.7.3h11c.3 0 .5-.1.7-.3.2-.2.3-.5.3-.7s-.1-.5-.3-.7zM5.8 14.7l6.2 6.3 6.2-6.3c.2-.2.3-.5.3-.7s-.1-.5-.3-.7c-.2-.2-.4-.3-.7-.3h-11c-.3 0-.5.1-.7.3-.2.2-.3.5-.3.7s.1.5.3.7z\"\/><\/svg><\/span><\/span><\/span><\/a><\/span><\/div>\n<nav><ul class='ez-toc-list ez-toc-list-level-1 eztoc-toggle-hide-by-default' ><li class='ez-toc-page-1 ez-toc-heading-level-2'><a class=\"ez-toc-link ez-toc-heading-1\" href=\"https:\/\/linux-rhein-kreis-neuss.de\/cms\/pressemappe\/#Aktuelles\" >Aktuelles<\/a><\/li><li class='ez-toc-page-1 ez-toc-heading-level-2'><a class=\"ez-toc-link ez-toc-heading-2\" href=\"https:\/\/linux-rhein-kreis-neuss.de\/cms\/pressemappe\/#ehrenamtliche-Initiativen-aus-Kaarst-im-Netz\" >ehrenamtliche Initiativen aus Kaarst im Netz<\/a><\/li><li class='ez-toc-page-1 ez-toc-heading-level-2'><a class=\"ez-toc-link ez-toc-heading-3\" href=\"https:\/\/linux-rhein-kreis-neuss.de\/cms\/pressemappe\/#ehrenamtliche-Initiativen-aus-dem-Rhein-Kreis-Neuss-in-den-Medien\" >ehrenamtliche Initiativen aus dem Rhein-Kreis Neuss in den Medien<\/a><\/li><li class='ez-toc-page-1 ez-toc-heading-level-2'><a class=\"ez-toc-link ez-toc-heading-4\" href=\"https:\/\/linux-rhein-kreis-neuss.de\/cms\/pressemappe\/#benachbarte-ehrenamtliche-Initiativen-in-den-Medien\" >benachbarte ehrenamtliche Initiativen in den Medien<\/a><\/li><\/ul><\/nav><\/div>\n\n<p>Hier werden wir f\u00fcr unsere Veranstaltungen k\u00fcnftig f\u00fcr alle Medien vorbereite multimediale Inhalte bereit stellen.<\/p>\n\n\n\n<h2 class=\"wp-block-heading\"><span class=\"ez-toc-section\" id=\"Aktuelles\"><\/span>Aktuelles<span class=\"ez-toc-section-end\"><\/span><\/h2>\n\n\n\n<p>Berichte zum 1. <a href=\"https:\/\/mastodon.social\/tags\/Digital_Independence_Day\" target=\"_blank\" rel=\"noreferrer noopener\">#Digital_Independence_Day<\/a> in <a href=\"https:\/\/mastodon.social\/tags\/Kaarst\" target=\"_blank\" rel=\"noreferrer noopener\">#Kaarst<\/a> auf dem <a href=\"https:\/\/mastodon.social\/tags\/Tuppenhof\" target=\"_blank\" rel=\"noreferrer noopener\">#Tuppenhof<\/a>:<\/p>\n\n\n\n<p><a href=\"https:\/\/www.kulturforum-kaarst.de\/news\/1-Digitaler-Unabh%C3%A4ngigkeitstag-in-Kaarst-im-Tuppenhof\" target=\"_blank\" rel=\"noreferrer noopener\">https:\/\/www.kulturforum-kaarst.de\/news\/1-Digitaler-Unabh\u00e4ngigkeitstag-in-Kaarst-im-Tuppenhof<\/a><\/p>\n\n\n\n<p><a href=\"https:\/\/www.tuppenhof.de\/nachrichten-leser\/1-digitaler-unabhaengigkeitstag-in-kaarst-im-tuppenhof.html\" target=\"_blank\" rel=\"noreferrer noopener\">https:\/\/www.tuppenhof.de\/nachrichten-leser\/1-digitaler-unabhaengigkeitstag-in-kaarst-im-tuppenhof.html<\/a><\/p>\n\n\n\n<p><a href=\"https:\/\/loeben.net\/blog\/1-digitaler-unabhaengigkeitstag-in-kaarst-im-tuppenhof\" target=\"_blank\" rel=\"noreferrer noopener\">https:\/\/loeben.net\/blog\/1-digitaler-unabhaengigkeitstag-in-kaarst-im-tuppenhof<\/a><\/p>\n\n\n\n<h2 class=\"wp-block-heading\" id=\"ehrenamtliche-initiativen-aus-kaarst-im-netz\"><span class=\"ez-toc-section\" id=\"ehrenamtliche-Initiativen-aus-Kaarst-im-Netz\"><\/span>ehrenamtliche Initiativen aus Kaarst im Netz<span class=\"ez-toc-section-end\"><\/span><\/h2>\n\n\n\n<p><a href=\"https:\/\/www.kaalug.de\" target=\"_blank\" rel=\"noreferrer noopener\">Kaarster Linuxuser Group (KaaLUG)<\/a><\/p>\n\n\n\n<p><a href=\"https:\/\/www.tuppenhof.de\/event-reader\/digital-independence-day-kaarst.html\" target=\"_blank\" rel=\"noreferrer noopener\">Tuppenhof &amp; erster Kaarster DI.DAY<\/a><\/p>\n\n\n\n<p><a href=\"https:\/\/di.day\/de\" target=\"_blank\" rel=\"noreferrer noopener\">di.day Kampagne<\/a><\/p>\n\n\n\n<p><a href=\"https:\/\/www.computerfreunde-niederrhein.de\" target=\"_blank\" rel=\"noreferrer noopener\">Computerfreunde Niederrhein<\/a><\/p>\n\n\n\n<figure class=\"wp-block-embed is-type-wp-embed is-provider-die-loebens-aus-kaarst wp-block-embed-die-loebens-aus-kaarst\"><div class=\"wp-block-embed__wrapper\">\n<blockquote class=\"wp-embedded-content\" data-secret=\"GGtEAMr5ys\"><a href=\"https:\/\/loeben.net\/blog\/di-day-kaarst\/\" target=\"_blank\" rel=\"noopener\">Erste DI.DAY Veranstaltung in Kaarst auf dem Tuppenhof<\/a><\/blockquote><iframe loading=\"lazy\" class=\"wp-embedded-content\" sandbox=\"allow-scripts\" security=\"restricted\" style=\"position: absolute; visibility: hidden;\" title=\"&#8222;Erste DI.DAY Veranstaltung in Kaarst auf dem Tuppenhof&#8220; &#8211; Die Loebens aus Kaarst\" src=\"https:\/\/loeben.net\/blog\/di-day-kaarst\/embed\/#?secret=gkizjegfLP#?secret=GGtEAMr5ys\" data-secret=\"GGtEAMr5ys\" width=\"500\" height=\"282\" frameborder=\"0\" marginwidth=\"0\" marginheight=\"0\" scrolling=\"no\"><\/iframe>\n<\/div><\/figure>\n\n\n\n<h2 class=\"wp-block-heading\" id=\"ehrenamtliche-initiativen-aus-dem-rhein-kreis-neuss-in-den-medien\"><span class=\"ez-toc-section\" id=\"ehrenamtliche-Initiativen-aus-dem-Rhein-Kreis-Neuss-in-den-Medien\"><\/span>ehrenamtliche Initiativen aus dem Rhein-Kreis Neuss in den Medien<span class=\"ez-toc-section-end\"><\/span><\/h2>\n\n\n\n<p><a href=\"https:\/\/www.kaalug.de\/media\/kunena\/attachments\/681\/NGZvom18Nov2025SeiteC7-Reparartur-Cafeam22Nov2025inKorschenbroich-Herrenshoff.pdf\" target=\"_blank\" rel=\"noopener\">NGZ November 2025 Seite C7: Letztes Repair-Caf\u00e9 in diesem Jahr<\/a><\/p>\n\n\n\n<p><a href=\"https:\/\/www.kaalug.de\/media\/kunena\/attachments\/572\/000330Lokalanzeiger.png\" target=\"_blank\" rel=\"noreferrer noopener\">Lokalanzeiger Kaarst im M\u00e4rz 2000<\/a><\/p>\n\n\n\n<p><a href=\"https:\/\/www.kaalug.de\/media\/kunena\/attachments\/572\/000325KaarsterExtra-Tip.JPG\" target=\"_blank\" rel=\"noreferrer noopener\">Kaarster Extra-Tip im M\u00e4rz 2000<\/a><\/p>\n\n\n\n<p><a href=\"https:\/\/www.kaalug.de\/forum\/kaalug-termine\/961-20-jahre-kaalug#3567\" target=\"_blank\" rel=\"noreferrer noopener\">20 Jahre KaaLUG &#8211; Spuren im Netz<\/a><\/p>\n\n\n\n<p><a href=\"https:\/\/www.kaalug.de\/forum\/kaalug-termine\/961-20-jahre-kaalug\" target=\"_blank\" rel=\"noreferrer noopener\">20 Jahre KaaLUG<\/a> &#8211; Wie entwickelte sich der KaaLUG Onlineauftritt<\/p>\n\n\n\n<p><a href=\"https:\/\/ikhaya.ubuntuusers.de\/2014\/06\/12\/linux-user-groups-kaalug\" target=\"_blank\" rel=\"noreferrer noopener\">ubuntuusers.de &#8211; Interview im Juni 2016 mit hanjolix<\/a><\/p>\n\n\n\n<p><a href=\"https:\/\/41352-einfach-besser-leben.de\/ein-repair-cafe-ist-ein-repair-cafe-bleibt-ein-repair-cafe-auch-mit-linux-sonderschicht\/\" target=\"_blank\" rel=\"noopener\">41352-einfach-besser-leben.de repair-cafe mit-linux-sonderschicht<\/a><\/p>\n\n\n\n<p><a href=\"https:\/\/rp-online.de\/nrw\/staedte\/kaarst\/kaarst-so-arbeiten-die-computerfreunde-im-einstein-forum_aid-107451053\" target=\"_blank\" rel=\"noopener\">https:\/\/rp-online.de\/nrw\/staedte\/kaarst\/kaarst-so-arbeiten-die-computerfreunde-im-einstein-forum_aid-107451053<\/a><\/p>\n\n\n\n<h2 class=\"wp-block-heading is-style-default\" id=\"benachbarte-ehrenamtliche-initiativen-in-den-medien\"><span class=\"ez-toc-section\" id=\"benachbarte-ehrenamtliche-Initiativen-in-den-Medien\"><\/span>benachbarte ehrenamtliche Initiativen in den Medien<span class=\"ez-toc-section-end\"><\/span><\/h2>\n\n\n\n<p><a href=\"http:\/\/www.mutbuergerdokus.de\/html\/aktionen\/2025_10_18_linux-presentation-day-leverkusen.htm\" target=\"_blank\" rel=\"noreferrer noopener\">http:\/\/www.mutbuergerdokus.de\/html\/aktionen\/2025_10_18_linux-presentation-day-leverkusen.htm<\/a><\/p>\n\n\n\n<figure class=\"wp-block-embed is-type-wp-embed is-provider-die-loebens-aus-kaarst wp-block-embed-die-loebens-aus-kaarst\"><div class=\"wp-block-embed__wrapper\">\n<blockquote class=\"wp-embedded-content\" data-secret=\"CjSFJBE5GQ\"><a href=\"https:\/\/loeben.net\/blog\/39c3-p0wer-cycles-nachlese\/\" target=\"_blank\" rel=\"noopener\">39C3 &#8222;P0WER CYCLES&#8220; Nachlese<\/a><\/blockquote><iframe loading=\"lazy\" class=\"wp-embedded-content\" sandbox=\"allow-scripts\" security=\"restricted\" style=\"position: absolute; visibility: hidden;\" title=\"&#8222;39C3 &#8222;P0WER CYCLES&#8220; Nachlese&#8220; &#8211; Die Loebens aus Kaarst\" src=\"https:\/\/loeben.net\/blog\/39c3-p0wer-cycles-nachlese\/embed\/#?secret=j64J75EHub#?secret=CjSFJBE5GQ\" data-secret=\"CjSFJBE5GQ\" width=\"500\" height=\"282\" frameborder=\"0\" marginwidth=\"0\" marginheight=\"0\" scrolling=\"no\"><\/iframe>\n<\/div><\/figure>\n","protected":false},"excerpt":{"rendered":"<p>Hier werden wir f\u00fcr unsere Veranstaltungen k\u00fcnftig f\u00fcr alle Medien vorbereite multimediale Inhalte bereit stellen. Aktuelles Berichte zum 1. #Digital_Independence_Day in #Kaarst auf dem #Tuppenhof: https:\/\/www.kulturforum-kaarst.de\/news\/1-Digitaler-Unabh\u00e4ngigkeitstag-in-Kaarst-im-Tuppenhof https:\/\/www.tuppenhof.de\/nachrichten-leser\/1-digitaler-unabhaengigkeitstag-in-kaarst-im-tuppenhof.html https:\/\/loeben.net\/blog\/1-digitaler-unabhaengigkeitstag-in-kaarst-im-tuppenhof ehrenamtliche Initiativen aus Kaarst im Netz Kaarster Linuxuser Group (KaaLUG) Tuppenhof &amp; erster Kaarster DI.DAY di.day Kampagne Computerfreunde Niederrhein ehrenamtliche Initiativen aus dem Rhein-Kreis Neuss in den [&hellip;]<\/p>\n","protected":false},"author":4,"featured_media":638,"comment_status":"open","ping_status":"open","sticky":false,"template":"","format":"standard","meta":{"footnotes":""},"categories":[52],"tags":[27,8,6,20,28,3,25,26,23],"class_list":["post-385","post","type-post","status-publish","format-standard","has-post-thumbnail","hentry","category-media","tag-cfn","tag-computerfreunde-niederrhein","tag-kaalug","tag-kaarst","tag-kaarster-linux-usergroup","tag-linux","tag-linux-rhein-kreis-neuss","tag-neuss","tag-windows10"],"_links":{"self":[{"href":"https:\/\/linux-rhein-kreis-neuss.de\/cms\/wp-json\/wp\/v2\/posts\/385","targetHints":{"allow":["GET"]}}],"collection":[{"href":"https:\/\/linux-rhein-kreis-neuss.de\/cms\/wp-json\/wp\/v2\/posts"}],"about":[{"href":"https:\/\/linux-rhein-kreis-neuss.de\/cms\/wp-json\/wp\/v2\/types\/post"}],"author":[{"embeddable":true,"href":"https:\/\/linux-rhein-kreis-neuss.de\/cms\/wp-json\/wp\/v2\/users\/4"}],"replies":[{"embeddable":true,"href":"https:\/\/linux-rhein-kreis-neuss.de\/cms\/wp-json\/wp\/v2\/comments?post=385"}],"version-history":[{"count":9,"href":"https:\/\/linux-rhein-kreis-neuss.de\/cms\/wp-json\/wp\/v2\/posts\/385\/revisions"}],"predecessor-version":[{"id":610,"href":"https:\/\/linux-rhein-kreis-neuss.de\/cms\/wp-json\/wp\/v2\/posts\/385\/revisions\/610"}],"wp:featuredmedia":[{"embeddable":true,"href":"https:\/\/linux-rhein-kreis-neuss.de\/cms\/wp-json\/wp\/v2\/media\/638"}],"wp:attachment":[{"href":"https:\/\/linux-rhein-kreis-neuss.de\/cms\/wp-json\/wp\/v2\/media?parent=385"}],"wp:term":[{"taxonomy":"category","embeddable":true,"href":"https:\/\/linux-rhein-kreis-neuss.de\/cms\/wp-json\/wp\/v2\/categories?post=385"},{"taxonomy":"post_tag","embeddable":true,"href":"https:\/\/linux-rhein-kreis-neuss.de\/cms\/wp-json\/wp\/v2\/tags?post=385"}],"curies":[{"name":"wp","href":"https:\/\/api.w.org\/{rel}","templated":true}]}}