{"id":34,"date":"2025-09-01T08:04:00","date_gmt":"2025-09-01T06:04:00","guid":{"rendered":"https:\/\/linux-rhein-kreis-neuss.de\/cms\/?p=34"},"modified":"2026-03-18T17:52:07","modified_gmt":"2026-03-18T16:52:07","slug":"geschichte","status":"publish","type":"post","link":"https:\/\/linux-rhein-kreis-neuss.de\/cms\/geschichte\/","title":{"rendered":"Die Gr\u00fcndungsgeschichte des Initiativkreises"},"content":{"rendered":"\n<p>Begonnen hat die Geschichte bei einem gepflegten Kaltgetr\u00e4nk im &#8222;Alten Rathaus&#8220; in Kaarst. Da hatte der Gr\u00fcnder der Kaarster Linux Usergroup (<a href=\"https:\/\/www.kaalug.de\" target=\"_blank\" rel=\"noreferrer noopener\">KaaLUG<\/a>) eine \u201eSchnappsidee\u201c und \u201espricht\u201c dar\u00fcber Anfang April 2024 erst mit seiner Frau und danach mit Oldtux und Dr.Tux.<\/p>\n\n\n\n<p>Letzterer wiederum sagte ganz trocken \u201edann mach das doch\u201c. Das war der Startschuss f\u00fcr ein erfolgreiches neues Open Source Format in Kaarst und Umgebung.<\/p>\n\n\n\n<div id=\"ez-toc-container\" class=\"ez-toc-v2_0_82_2 counter-hierarchy ez-toc-counter ez-toc-light-blue ez-toc-container-direction\">\n<div class=\"ez-toc-title-container\">\n<p class=\"ez-toc-title ez-toc-toggle\" style=\"cursor:pointer\">Inhalt<\/p>\n<span class=\"ez-toc-title-toggle\"><a href=\"#\" class=\"ez-toc-pull-right ez-toc-btn ez-toc-btn-xs ez-toc-btn-default ez-toc-toggle\" aria-label=\"Toggle Table of Content\"><span class=\"ez-toc-js-icon-con\"><span class=\"\"><span class=\"eztoc-hide\" style=\"display:none;\">Toggle<\/span><span class=\"ez-toc-icon-toggle-span\"><svg style=\"fill: #999;color:#999\" xmlns=\"http:\/\/www.w3.org\/2000\/svg\" class=\"list-377408\" width=\"20px\" height=\"20px\" viewBox=\"0 0 24 24\" fill=\"none\"><path d=\"M6 6H4v2h2V6zm14 0H8v2h12V6zM4 11h2v2H4v-2zm16 0H8v2h12v-2zM4 16h2v2H4v-2zm16 0H8v2h12v-2z\" fill=\"currentColor\"><\/path><\/svg><svg style=\"fill: #999;color:#999\" class=\"arrow-unsorted-368013\" xmlns=\"http:\/\/www.w3.org\/2000\/svg\" width=\"10px\" height=\"10px\" viewBox=\"0 0 24 24\" version=\"1.2\" baseProfile=\"tiny\"><path d=\"M18.2 9.3l-6.2-6.3-6.2 6.3c-.2.2-.3.4-.3.7s.1.5.3.7c.2.2.4.3.7.3h11c.3 0 .5-.1.7-.3.2-.2.3-.5.3-.7s-.1-.5-.3-.7zM5.8 14.7l6.2 6.3 6.2-6.3c.2-.2.3-.5.3-.7s-.1-.5-.3-.7c-.2-.2-.4-.3-.7-.3h-11c-.3 0-.5.1-.7.3-.2.2-.3.5-.3.7s.1.5.3.7z\"\/><\/svg><\/span><\/span><\/span><\/a><\/span><\/div>\n<nav><ul class='ez-toc-list ez-toc-list-level-1 eztoc-toggle-hide-by-default' ><li class='ez-toc-page-1 ez-toc-heading-level-3'><a class=\"ez-toc-link ez-toc-heading-1\" href=\"https:\/\/linux-rhein-kreis-neuss.de\/cms\/geschichte\/#Unsere-Agenda\" >Unsere Agenda<\/a><\/li><li class='ez-toc-page-1 ez-toc-heading-level-3'><a class=\"ez-toc-link ez-toc-heading-2\" href=\"https:\/\/linux-rhein-kreis-neuss.de\/cms\/geschichte\/#Die-Gruendung-und-Ziele\" >Die Gr\u00fcndung und Ziele<\/a><\/li><li class='ez-toc-page-1 ez-toc-heading-level-3'><a class=\"ez-toc-link ez-toc-heading-3\" href=\"https:\/\/linux-rhein-kreis-neuss.de\/cms\/geschichte\/#Die-Gruendungsmitglieder\" >Die Gr\u00fcndungsmitglieder<\/a><ul class='ez-toc-list-level-4' ><li class='ez-toc-heading-level-4'><a class=\"ez-toc-link ez-toc-heading-4\" href=\"https:\/\/linux-rhein-kreis-neuss.de\/cms\/geschichte\/#Die-Kaarster-Linux-Usergroup\" >Die Kaarster Linux Usergroup<\/a><\/li><li class='ez-toc-page-1 ez-toc-heading-level-4'><a class=\"ez-toc-link ez-toc-heading-5\" href=\"https:\/\/linux-rhein-kreis-neuss.de\/cms\/geschichte\/#Die-Computerfreunde-Niederrhein\" >Die Computerfreunde-Niederrhein<\/a><\/li><li class='ez-toc-page-1 ez-toc-heading-level-4'><a class=\"ez-toc-link ez-toc-heading-6\" href=\"https:\/\/linux-rhein-kreis-neuss.de\/cms\/geschichte\/#Weitere-Gruendungsmitglieder\" >Weitere Gr\u00fcndungsmitglieder<\/a><\/li><\/ul><\/li><\/ul><\/nav><\/div>\n<h3 class=\"wp-block-heading\"><span class=\"ez-toc-section\" id=\"Unsere-Agenda\"><\/span>Unsere Agenda<span class=\"ez-toc-section-end\"><\/span><\/h3>\n\n\n\n<p>Wir wollen ehrenamtliches Engagement b\u00fcndeln und auf breiter Basis im Kreisgebiet f\u00f6rdern und organisieren.<\/p>\n\n\n\n<h3 class=\"wp-block-heading\"><span class=\"ez-toc-section\" id=\"Die-Gruendung-und-Ziele\"><\/span>Die Gr\u00fcndung und Ziele<span class=\"ez-toc-section-end\"><\/span><\/h3>\n\n\n\n<p>Der Inititiativkreis gr\u00fcndete sich im Sommer 2025. Zwei Gruppen ehrenamtlich engagierter Computerbegeisterter aus Kaarst und dem Rhein-Kreis-Neuss entdeckten gemeinsame Interessen. So lag es nahe, die Ziele gemeinsam zu verfolgen. <strong>www.linux-rhein-kreiss-neuss.de<\/strong> wurde geboren und bereichert und versch\u00f6nert nunmehr das <strong>W<\/strong>orld <strong>W<\/strong>ide <strong>W<\/strong>eb (<a href=\"https:\/\/de.wikipedia.org\/wiki\/World_Wide_Web\" data-type=\"link\" data-id=\"https:\/\/de.wikipedia.org\/wiki\/World_Wide_Web\" target=\"_blank\" rel=\"noreferrer noopener\">WWW<\/a>).<\/p>\n\n\n\n<h3 class=\"wp-block-heading\"><span class=\"ez-toc-section\" id=\"Die-Gruendungsmitglieder\"><\/span>Die Gr\u00fcndungsmitglieder<span class=\"ez-toc-section-end\"><\/span><\/h3>\n\n\n\n<h4 class=\"wp-block-heading\"><span class=\"ez-toc-section\" id=\"Die-Kaarster-Linux-Usergroup\"><\/span>Die Kaarster Linux Usergroup<span class=\"ez-toc-section-end\"><\/span><\/h4>\n\n\n\n<figure class=\"wp-block-image size-full\"><a href=\"https:\/\/www.kaalug.de\" target=\"_blank\" rel=\" noreferrer noopener\"><img loading=\"lazy\" decoding=\"async\" width=\"1024\" height=\"200\" src=\"https:\/\/linux-rhein-kreis-neuss.de\/cms\/wp-content\/uploads\/2025\/07\/Website-kaalug-banner.png\" alt=\"KaaLUG Banner\" class=\"wp-image-498\" srcset=\"https:\/\/linux-rhein-kreis-neuss.de\/cms\/wp-content\/uploads\/2025\/07\/Website-kaalug-banner.png 1024w, https:\/\/linux-rhein-kreis-neuss.de\/cms\/wp-content\/uploads\/2025\/07\/Website-kaalug-banner-300x59.png 300w, https:\/\/linux-rhein-kreis-neuss.de\/cms\/wp-content\/uploads\/2025\/07\/Website-kaalug-banner-768x150.png 768w\" sizes=\"auto, (max-width: 1024px) 100vw, 1024px\" \/><\/a><\/figure>\n\n\n\n<p>Die Kaarster Linux Usergroup (KaaLUG) gr\u00fcndete Hanjo Loeben mit einer handvoll Computer Interessierter aus Kaarst und dem n\u00e4heren Einzugsgebiet im <a href=\"https:\/\/web.archive.org\/web\/20040318063503\/http:\/\/www.kaalug.de:80\/\" target=\"_blank\" rel=\"noreferrer noopener\">Fr\u00fchjahr 2004<\/a>. Die KaaLUG besch\u00e4ftigt sich vorwiegend mit Open Source Software L\u00f6sungen und dem Schwerpunkt Linux. <\/p>\n\n\n\n<p>Zur Entw\u00f6hnung darf bei den regelm\u00e4\u00dfig stattfindenden Treffen auch das Betriebssystem, welches in den USA (Redmond) entwickelt wird \ud83d\ude09, gestartet werden.<\/p>\n\n\n\n<p>Hanjo im <a href=\"https:\/\/ikhaya.ubuntuusers.de\/2014\/06\/12\/linux-user-groups-kaalug\/\" target=\"_blank\" rel=\"noreferrer noopener\">Ubuntuusers.de Interview im Sommer 2014<\/a> anl\u00e4sslich des 10j\u00e4hrigen Jubil\u00e4ums:<\/p>\n\n\n\n<blockquote class=\"wp-block-quote is-layout-flow wp-block-quote-is-layout-flow\">\n<p>Wir sind Computerverr\u00fcckte aus dem Rhein-Kreis-Neuss mit Schwerpunkt in Kaarst und unsere LUG existiert wie Facebook \ud83d\ude09 seit 10 Jahren.<\/p>\n<\/blockquote>\n\n\n\n<p>Der \u00fcber viele Jahre gewachsene Erfahrungsschatz und dem Wunsch, sich mehr oder weniger professionell zu organisieren, m\u00fcndete letztendlich in diversen KaaLUG Diensten, die durch Spenden finanziert werden.<\/p>\n\n\n\n<p>So betreiben die ausschlie\u00dflich ehrenamtlich Engagierten eigenverantwortlich Mail-, Cloud-, Wiki- und Messenger-L\u00f6sungen auf angemieteter Infrastruktur.<\/p>\n\n\n\n<p>Weitere Themen sind bei den regelm\u00e4\u00dfig stattfindenden Treffen immer Hilfestellungen f\u00fcr Einsteiger und Umsteiger und bei der Entsorgung von \u201eClosed Source L\u00f6sungen\u201c. <\/p>\n\n\n\n<p>So stehen neben Windowsabl\u00f6sungen, die Himbeeren, Selfhosting, das smarte Home, herstellerunabh\u00e4ngige Cloudspeicher, alternative Funktechniken und Multimedia-L\u00f6sungen auf der Tagesordnung. Mehr Infos und Inhalte gibt es via&nbsp;<a href=\"https:\/\/www.kaalug.de\/\" target=\"_blank\" rel=\"noreferrer noopener\">www.kaalug.de<\/a>.<\/p>\n\n\n\n<h4 class=\"wp-block-heading\"><span class=\"ez-toc-section\" id=\"Die-Computerfreunde-Niederrhein\"><\/span>Die Computerfreunde-Niederrhein<span class=\"ez-toc-section-end\"><\/span><\/h4>\n\n\n\n<figure class=\"wp-block-image size-full\"><a href=\"https:\/\/www.computerfreunde-niederrhein.de\" target=\"_blank\" rel=\" noreferrer noopener\"><img loading=\"lazy\" decoding=\"async\" width=\"1158\" height=\"441\" src=\"https:\/\/linux-rhein-kreis-neuss.de\/cms\/wp-content\/uploads\/2026\/03\/CN-logo.png\" alt=\"\" class=\"wp-image-647\" srcset=\"https:\/\/linux-rhein-kreis-neuss.de\/cms\/wp-content\/uploads\/2026\/03\/CN-logo.png 1158w, https:\/\/linux-rhein-kreis-neuss.de\/cms\/wp-content\/uploads\/2026\/03\/CN-logo-300x114.png 300w, https:\/\/linux-rhein-kreis-neuss.de\/cms\/wp-content\/uploads\/2026\/03\/CN-logo-1024x390.png 1024w, https:\/\/linux-rhein-kreis-neuss.de\/cms\/wp-content\/uploads\/2026\/03\/CN-logo-768x292.png 768w\" sizes=\"auto, (max-width: 1158px) 100vw, 1158px\" \/><\/a><\/figure>\n\n\n\n<p>Gegr\u00fcndet wurde die Gruppe Computerfreunde-Niederrhein im Februar 2024.<\/p>\n\n\n\n<p>Zitat aus dem RP Artikel \u201e<a href=\"https:\/\/rp-online.de\/nrw\/staedte\/kaarst\/kaarst-so-arbeiten-die-computerfreunde-im-einstein-forum_aid-107451053\" target=\"_blank\" rel=\"noreferrer noopener\">Zu Gast bei den Computerfreunden<\/a>\u201c vom 28.02.2024<\/p>\n\n\n\n<blockquote class=\"wp-block-quote is-layout-flow wp-block-quote-is-layout-flow\">\n<p>Rainer Liewer ist voller Tatendrang: <\/p>\n\n\n\n<p>Der Gr\u00fcnder der \u201eComputerfreunde Niederrhein\u201c freut sich, wenn m\u00f6glichst viele Gleichgesinnte dienstags zum w\u00f6chentlichen Digital-Treff in den Multifunktionsraum im Anbau des Albert-Einstein-Forums (AEF) kommen. <\/p>\n\n\n\n<p>\u201eWir sind kein gew\u00f6hnlicher Anf\u00e4ngerkurs, sondern unser Angebot richtet sich an Menschen, die schon \u00fcber Kenntnisse und Erfahrungen im Umgang mit Computer, Laptop und&nbsp;Smartphone&nbsp;verf\u00fcgen.<\/p>\n\n\n\n<p>Wir setzen auf Austausch, um Wissen weiterzugeben und bei Problemen leisten wir Hilfestellung\u201c, erkl\u00e4rt der ehemalige Versicherungskaufmann.<\/p>\n<\/blockquote>\n\n\n\n<h4 class=\"wp-block-heading\"><span class=\"ez-toc-section\" id=\"Weitere-Gruendungsmitglieder\"><\/span>Weitere Gr\u00fcndungsmitglieder<span class=\"ez-toc-section-end\"><\/span><\/h4>\n\n\n\n<p>Im Verlaufe der Gr\u00fcndungsphase meldeten sich weitere Interessierte, die zum Gelingen des ersten Kaarster Linux Presentation Day beitragen.<\/p>\n\n\n\n<p><strong><a href=\"https:\/\/fischer-meerbusch.de\" target=\"_blank\" rel=\"noreferrer noopener\">FiMi<\/a><\/strong> war der Erste, der uns mit einem Linux-Mint Betrieb auf einem MacBook Pro \u00fcberzeugte.<\/p>\n","protected":false},"excerpt":{"rendered":"<p>Begonnen hat die Geschichte bei einem gepflegten Kaltgetr\u00e4nk im &#8222;Alten Rathaus&#8220; in Kaarst. Da hatte der Gr\u00fcnder der Kaarster Linux Usergroup (KaaLUG) eine \u201eSchnappsidee\u201c und \u201espricht\u201c dar\u00fcber Anfang April 2024 erst mit seiner Frau und danach mit Oldtux und Dr.Tux. Letzterer wiederum sagte ganz trocken \u201edann mach das doch\u201c. Das war der Startschuss f\u00fcr ein [&hellip;]<\/p>\n","protected":false},"author":4,"featured_media":536,"comment_status":"open","ping_status":"closed","sticky":false,"template":"","format":"standard","meta":{"footnotes":""},"categories":[35],"tags":[53,19,27,8,55,6,20,28,3,25,54,26,37],"class_list":["post-34","post","type-post","status-publish","format-standard","has-post-thumbnail","hentry","category-initiativkreis","tag-aef","tag-albert-einstein-forum","tag-cfn","tag-computerfreunde-niederrhein","tag-initiativkreises-linux-rhein-kreis-neuss","tag-kaalug","tag-kaarst","tag-kaarster-linux-usergroup","tag-linux","tag-linux-rhein-kreis-neuss","tag-mfr","tag-neuss","tag-team-des-initiativkreises-linux-rhein-kreis-neuss"],"_links":{"self":[{"href":"https:\/\/linux-rhein-kreis-neuss.de\/cms\/wp-json\/wp\/v2\/posts\/34","targetHints":{"allow":["GET"]}}],"collection":[{"href":"https:\/\/linux-rhein-kreis-neuss.de\/cms\/wp-json\/wp\/v2\/posts"}],"about":[{"href":"https:\/\/linux-rhein-kreis-neuss.de\/cms\/wp-json\/wp\/v2\/types\/post"}],"author":[{"embeddable":true,"href":"https:\/\/linux-rhein-kreis-neuss.de\/cms\/wp-json\/wp\/v2\/users\/4"}],"replies":[{"embeddable":true,"href":"https:\/\/linux-rhein-kreis-neuss.de\/cms\/wp-json\/wp\/v2\/comments?post=34"}],"version-history":[{"count":25,"href":"https:\/\/linux-rhein-kreis-neuss.de\/cms\/wp-json\/wp\/v2\/posts\/34\/revisions"}],"predecessor-version":[{"id":795,"href":"https:\/\/linux-rhein-kreis-neuss.de\/cms\/wp-json\/wp\/v2\/posts\/34\/revisions\/795"}],"wp:featuredmedia":[{"embeddable":true,"href":"https:\/\/linux-rhein-kreis-neuss.de\/cms\/wp-json\/wp\/v2\/media\/536"}],"wp:attachment":[{"href":"https:\/\/linux-rhein-kreis-neuss.de\/cms\/wp-json\/wp\/v2\/media?parent=34"}],"wp:term":[{"taxonomy":"category","embeddable":true,"href":"https:\/\/linux-rhein-kreis-neuss.de\/cms\/wp-json\/wp\/v2\/categories?post=34"},{"taxonomy":"post_tag","embeddable":true,"href":"https:\/\/linux-rhein-kreis-neuss.de\/cms\/wp-json\/wp\/v2\/tags?post=34"}],"curies":[{"name":"wp","href":"https:\/\/api.w.org\/{rel}","templated":true}]}}